{"id":10880,"date":"2020-01-21T15:15:45","date_gmt":"2020-01-21T12:15:45","guid":{"rendered":"https:\/\/www.cosmorevas.tk\/ciudad\/berlin\/"},"modified":"2021-01-09T17:37:43","modified_gmt":"2021-01-09T14:37:43","slug":"berlin","status":"publish","type":"post","link":"https:\/\/www.cosmorevas.tk\/es\/ciudad\/berlin\/","title":{"rendered":"Berlin: Bunker, Muro e dramas"},"content":{"rendered":"<h1><strong>VIAJE NO CONVENCIONAL A BERLIN<\/strong><\/h1>\n<h2><strong>Historia y dramas de la capital<\/strong><\/h2>\n<p>Una excelente oferta a\u00e9rea me convenci\u00f3 de ir a la capital de Alemania.<\/p>\n<p>Yo voy a hablar de un Berl\u00edn no convencional, con atracciones fuera de los destinos tradicionales.<\/p>\n<p>La capital alemana ciertamente tiene mucho que mostrar, dados los eventos que han marcado su historia.<\/p>\n<p><!--more--><br \/>\nPodr\u00edas imaginarte en la Rep\u00fablica Democr\u00e1tica Alemana (RDA, Alemania del Este) o en la Rep\u00fablica Federal de Alemana (RFA, Alemania del Oeste), dependiendo de la parte del Muro elegido. O regresar m\u00e1s en el tiempo, cuando las esv\u00e1sticas intentaron expandirse por todas partes, hasta que en Berl\u00edn ondearon las banderas rojas como el sangre de los 28 millones de <a href=\"https:\/\/www.cosmorevas.tk\/es\/destinos\/rusia\/\" target=\"_blank\" rel=\"noopener noreferrer\">Sovi\u00e9ticos<\/a> muertos en la Segunda Guerra Mundial.<br \/>\nDesafortunadamente, sin embargo, vi muchas Cristina F. en el metro y en alg\u00fan rinc\u00f3n escondido por ojos curiosos e indiferentes, como si todo Berl\u00edn fuera la Estaci\u00f3n de Zoologischer Gartenese, de cuyas jaulas los j\u00f3venes no pueden salir.<\/p>\n<p>&nbsp;<\/p>\n<h2><strong>Aeropuertos y estaciones<br \/>\n<\/strong><\/h2>\n<p><strong>Sch\u00f6nefeld<\/strong> desde 1947 hasta 1990 conect\u00f3 Berl\u00edn Oriental, capital de la DDR, con las diversas naciones comunistas. Ahora tiene un tr\u00e1fico de aproximadamente 9,000,000 de pasajeros al a\u00f1o, pero desde 1996 vive una controvertida renovaci\u00f3n con problemas continuos.<br \/>\nParte de su \u00e1rea deberia incorporarse al nuevo y \u00fanico aeropuerto de la ciudad: di <strong>Berl\u00edn Brandenburg<\/strong>. La fecha de inicio de la actividad programada para 2007 cambia constantemente, hasta la \u00faltima hip\u00f3tesis de 2021.<\/p>\n<p>A pesar del cierre esperado en 2017, el aeropuerto principal sigue siendo <strong>Tegel<\/strong>.<br \/>\nEste es un importante aeropuerto europeo, y si solo lo usa de transito, puede pasar la noche en la Terminal A.<br \/>\nLos trabajos de limpieza nocturna pueden molestar su descanso, a menos que prefiera la cama dentro de las cabinas reservadas, por el precio m\u00ednimo de 30 euros.<br \/>\nEl aeropuerto est\u00e1 muy bien conectado con el centro de la ciudad por autob\u00fas.<\/p>\n<p>El cuarto aeropuerto, para m\u00ed, es una atracci\u00f3n.<br \/>\n<strong>Tempelhof<\/strong>, donde se fund\u00f3 Lufthansa en 1926, permaneci\u00f3 activo hasta el 30\/10\/2008.<br \/>\nAhora es el parque p\u00fablico m\u00e1s grande de Berl\u00edn.<br \/>\nPuedes caminar libremente por las pistas imaginando que has ocupado el aeropuerto m\u00e1s grande del mundo. Y tal vez mirar\u00e1s al cielo con la sensaci\u00f3n de que un boeing est\u00e1 a punto de aterrizar cerca de ti.<br \/>\nSeguramente vivir\u00e1s una experiencia \u00fanica. S\u00f3lo puede ser vencida si vas a <a href=\"https:\/\/www.cosmorevas.tk\/es\/destinos\/oceania\/\" target=\"_blank\" rel=\"noopener noreferrer\">Tuvalu<\/a>, el Pa\u00eds en el Pac\u00edfico donde la pista del aeropuerto internacional tambi\u00e9n se usa como plaza de la ciudad.<\/p>\n<p>&nbsp;<\/p>\n<p><img decoding=\"async\" class=\"aligncenter wp-image-4841 size-gallery lazyload\" title=\"Aeropuerto de Berl\u00edn-Tempelhof\" data-src=\"https:\/\/www.cosmorevas.tk\/wp-content\/uploads\/2018\/11\/Berlin-Tempelhof-airport-845x684.jpg\" alt=\"Aeropuerto de Berl\u00edn-Tempelhof\" width=\"845\" height=\"684\" data-srcset=\"https:\/\/www.cosmorevas.tk\/wp-content\/uploads\/2018\/11\/Berlin-Tempelhof-airport-845x684.jpg 845w, https:\/\/www.cosmorevas.tk\/wp-content\/uploads\/2018\/11\/Berlin-Tempelhof-airport-495x400.jpg 495w\" data-sizes=\"(max-width: 845px) 100vw, 845px\" src=\"data:image\/svg+xml;base64,PHN2ZyB3aWR0aD0iMSIgaGVpZ2h0PSIxIiB4bWxucz0iaHR0cDovL3d3dy53My5vcmcvMjAwMC9zdmciPjwvc3ZnPg==\" style=\"--smush-placeholder-width: 845px; --smush-placeholder-aspect-ratio: 845\/684;\" \/><\/p>\n<p>&nbsp;<\/p>\n<p><img decoding=\"async\" class=\"aligncenter wp-image-4850 size-gallery lazyload\" title=\"Aeropuerto de Berl\u00edn-Tempelhof\" data-src=\"https:\/\/www.cosmorevas.tk\/wp-content\/uploads\/2018\/11\/Berlin-Tempelhof-845x684.jpg\" alt=\"Aeropuerto de Berl\u00edn-Tempelhof\" width=\"845\" height=\"684\" data-srcset=\"https:\/\/www.cosmorevas.tk\/wp-content\/uploads\/2018\/11\/Berlin-Tempelhof-845x684.jpg 845w, https:\/\/www.cosmorevas.tk\/wp-content\/uploads\/2018\/11\/Berlin-Tempelhof-495x400.jpg 495w\" data-sizes=\"(max-width: 845px) 100vw, 845px\" src=\"data:image\/svg+xml;base64,PHN2ZyB3aWR0aD0iMSIgaGVpZ2h0PSIxIiB4bWxucz0iaHR0cDovL3d3dy53My5vcmcvMjAwMC9zdmciPjwvc3ZnPg==\" style=\"--smush-placeholder-width: 845px; --smush-placeholder-aspect-ratio: 845\/684;\" \/><\/p>\n<p>&nbsp;<\/p>\n<p>La <strong>Estaci\u00f3n Hauptbahnhof<\/strong> (llamada as\u00ed por el gobierno, aunque la mayor\u00eda de los berlineses prefirieron mantener el nombre de la hist\u00f3rica estaci\u00f3n Lehrter Bahnhof) es la estaci\u00f3n central de Berl\u00edn, obviamente la m\u00e1s grande de Europa.<br \/>\nConsiderar esta solo una estaci\u00f3n es muy simplista. En sus 5 pisos no solo hay trenes, metro, tranv\u00edas y autobuses, sino que 3 pisos est\u00e1n dedicados a oficinas, tiendas y supermercados. Su estructura futurista de acero y vidrio seguramente deja sorprendidos a los visitantes y a los casi 300,000 pasajeros que viajan cada d\u00eda.<\/p>\n<p>&nbsp;<\/p>\n<h2><strong>La clasica Berl\u00edn<\/strong><\/h2>\n<p> <strong> Potsdamerplatz<\/strong> quiere ser el s\u00edmbolo del nuevo Berl\u00edn, moderno, tecnol\u00f3gico, futurista.<br \/>\nPero me pareci\u00f3 que el deseo era crear un presente y un futuro lejos de los signos del pasado.<br \/>\nNo s\u00e9 cu\u00e1nto ha \u00e9xito o es posible.<br \/>\nAlemania tiene sus fantasmas del pasado y, aunque lo intente, no puede deshacerse de ellos.<br \/>\nLas porciones del Muro tambi\u00e9n presentes en esta plaza son un ejemplo.<\/p>\n<p>&nbsp;<\/p>\n<p><img decoding=\"async\" class=\"aligncenter wp-image-4967 size-full lazyload\" title=\"Postdamerplatz-Berlin\" data-src=\"https:\/\/www.cosmorevas.tk\/wp-content\/uploads\/2018\/11\/Postdamerplatz-Berlin.jpg\" alt=\"Postdamerplatz-Berlin\" width=\"1000\" height=\"750\" data-srcset=\"https:\/\/www.cosmorevas.tk\/wp-content\/uploads\/2018\/11\/Postdamerplatz-Berlin.jpg 1000w, https:\/\/www.cosmorevas.tk\/wp-content\/uploads\/2018\/11\/Postdamerplatz-Berlin-300x225.jpg 300w, https:\/\/www.cosmorevas.tk\/wp-content\/uploads\/2018\/11\/Postdamerplatz-Berlin-768x576.jpg 768w, https:\/\/www.cosmorevas.tk\/wp-content\/uploads\/2018\/11\/Postdamerplatz-Berlin-705x529.jpg 705w, https:\/\/www.cosmorevas.tk\/wp-content\/uploads\/2018\/11\/Postdamerplatz-Berlin-450x338.jpg 450w\" data-sizes=\"(max-width: 1000px) 100vw, 1000px\" src=\"data:image\/svg+xml;base64,PHN2ZyB3aWR0aD0iMSIgaGVpZ2h0PSIxIiB4bWxucz0iaHR0cDovL3d3dy53My5vcmcvMjAwMC9zdmciPjwvc3ZnPg==\" style=\"--smush-placeholder-width: 1000px; --smush-placeholder-aspect-ratio: 1000\/750;\" \/><\/p>\n<p>&nbsp;<\/p>\n<p><strong>Alexanderplatz <\/strong>fue considerado el centro de Berl\u00edn Oriental y es uno de los destinos cl\u00e1sicos en una visita a Berl\u00edn.<br \/>\nEn realidad, no es hermoso, a menos que te atraigan los restaurantes y las tiendas.<\/p>\n<p>&nbsp;<\/p>\n<p><img decoding=\"async\" class=\"aligncenter wp-image-4940 size-full lazyload\" title=\"Alexanderplatz-Berlin\" data-src=\"https:\/\/www.cosmorevas.tk\/wp-content\/uploads\/2018\/11\/Alexanderplatz-Berlin.jpg\" alt=\"Alexanderplatz-Berlin\" width=\"1000\" height=\"750\" data-srcset=\"https:\/\/www.cosmorevas.tk\/wp-content\/uploads\/2018\/11\/Alexanderplatz-Berlin.jpg 1000w, https:\/\/www.cosmorevas.tk\/wp-content\/uploads\/2018\/11\/Alexanderplatz-Berlin-300x225.jpg 300w, https:\/\/www.cosmorevas.tk\/wp-content\/uploads\/2018\/11\/Alexanderplatz-Berlin-768x576.jpg 768w, https:\/\/www.cosmorevas.tk\/wp-content\/uploads\/2018\/11\/Alexanderplatz-Berlin-705x529.jpg 705w, https:\/\/www.cosmorevas.tk\/wp-content\/uploads\/2018\/11\/Alexanderplatz-Berlin-450x338.jpg 450w\" data-sizes=\"(max-width: 1000px) 100vw, 1000px\" src=\"data:image\/svg+xml;base64,PHN2ZyB3aWR0aD0iMSIgaGVpZ2h0PSIxIiB4bWxucz0iaHR0cDovL3d3dy53My5vcmcvMjAwMC9zdmciPjwvc3ZnPg==\" style=\"--smush-placeholder-width: 1000px; --smush-placeholder-aspect-ratio: 1000\/750;\" \/><\/p>\n<p>&nbsp;<\/p>\n<p>&nbsp;<\/p>\n<p><img decoding=\"async\" class=\"alignleft wp-image-4949 lazyload\" title=\"Alexanderplatz-Berlin-Urania Weltzeituhr\" data-src=\"https:\/\/www.cosmorevas.tk\/wp-content\/uploads\/2018\/11\/Alexanderplatz-Berlin-Urania-Weltzeituhr-225x300.jpg\" alt=\"Alexanderplatz-Berlin-Urania Weltzeituhr\" width=\"289\" height=\"385\" data-srcset=\"https:\/\/www.cosmorevas.tk\/wp-content\/uploads\/2018\/11\/Alexanderplatz-Berlin-Urania-Weltzeituhr-225x300.jpg 225w, https:\/\/www.cosmorevas.tk\/wp-content\/uploads\/2018\/11\/Alexanderplatz-Berlin-Urania-Weltzeituhr.jpg 450w\" data-sizes=\"(max-width: 289px) 100vw, 289px\" src=\"data:image\/svg+xml;base64,PHN2ZyB3aWR0aD0iMSIgaGVpZ2h0PSIxIiB4bWxucz0iaHR0cDovL3d3dy53My5vcmcvMjAwMC9zdmciPjwvc3ZnPg==\" style=\"--smush-placeholder-width: 289px; --smush-placeholder-aspect-ratio: 289\/385;\" \/><\/p>\n<p>Uno de los s\u00edmbolos de la plaza es el <strong>Reloj Universal Urania Weltzeituhr<\/strong>. La columna que descansa sobre una rosa de los vientos, est\u00e1 coronada por un cilindro dividido en 24 caras, una para cada zona horaria, donde se reconocen las principales ciudades de referencia.<br \/>\nSobre el cilindro gira una representaci\u00f3n del sistema solar, con los planetas y sus \u00f3rbitas.<\/p>\n<p>No muy lejos, con sus 368 metros, la <strong>Torre de Televisi\u00f3n <\/strong>mira a Alemania desde arriba.<br \/>\nConstruido por la oficina de correos del DDR entre 1966 y 1969, adem\u00e1s de su funci\u00f3n como emisora de radio y televisi\u00f3n, le permite ver el panorama desde el bar y restaurante giratorio a 203 metros de altura.<\/p>\n<p>&nbsp;<\/p>\n<p>El <strong>Memorial del Holocausto<\/strong> (o el Memorial para los jud\u00edos europeos asesinados) se compone de 2.711 bloques de cemento gris oscuro de diferentes alturas.<br \/>\nNo entiendo ni aprecio el arte moderno y honestamente no sent\u00ed ninguna emoci\u00f3n en este lugar. Un bloque de cemento es insignificante y no me hace pensar en el Holocausto<\/p>\n<p><img decoding=\"async\" class=\"aligncenter wp-image-4958 size-gallery lazyload\" title=\"Memorial del Holocausto-Berl\u00edn\" data-src=\"https:\/\/www.cosmorevas.tk\/wp-content\/uploads\/2018\/11\/Memoriale-dellOlocausto-Berlin-845x684.jpg\" alt=\"Memorial del Holocausto-Berl\u00edn\" width=\"845\" height=\"684\" data-srcset=\"https:\/\/www.cosmorevas.tk\/wp-content\/uploads\/2018\/11\/Memoriale-dellOlocausto-Berlin-845x684.jpg 845w, https:\/\/www.cosmorevas.tk\/wp-content\/uploads\/2018\/11\/Memoriale-dellOlocausto-Berlin-495x400.jpg 495w\" data-sizes=\"(max-width: 845px) 100vw, 845px\" src=\"data:image\/svg+xml;base64,PHN2ZyB3aWR0aD0iMSIgaGVpZ2h0PSIxIiB4bWxucz0iaHR0cDovL3d3dy53My5vcmcvMjAwMC9zdmciPjwvc3ZnPg==\" style=\"--smush-placeholder-width: 845px; --smush-placeholder-aspect-ratio: 845\/684;\" \/><\/p>\n<p>&nbsp;<\/p>\n<p>&nbsp;<\/p>\n<p>La <strong>P<\/strong><strong>uerta de Brandenburgo<\/strong> es el s\u00edmbolo de Berl\u00edn. Nacido como una puerta de entrada a la ciudad de Berl\u00edn, se convirti\u00f3 en el centro de los desfiles nazis de Hitler y luego en el s\u00edmbolo de la divisi\u00f3n de Berl\u00edn. De hecho, estaba en tierra de nadie, entre el alambre de p\u00faas en el este y la pared.<br \/>\nAhora, obviamente, representa la reunificaci\u00f3n de la ciudad.<\/p>\n<p>&nbsp;<\/p>\n<p><img decoding=\"async\" class=\"aligncenter wp-image-4976 size-full lazyload\" title=\"puerta-de-brandeburgo-Berlin\" data-src=\"https:\/\/www.cosmorevas.tk\/wp-content\/uploads\/2018\/11\/Porta-di-brandeburgo-Berlin.jpg\" alt=\"puerta-de-brandeburgo-Berlin\" width=\"1000\" height=\"611\" data-srcset=\"https:\/\/www.cosmorevas.tk\/wp-content\/uploads\/2018\/11\/Porta-di-brandeburgo-Berlin.jpg 1000w, https:\/\/www.cosmorevas.tk\/wp-content\/uploads\/2018\/11\/Porta-di-brandeburgo-Berlin-300x183.jpg 300w, https:\/\/www.cosmorevas.tk\/wp-content\/uploads\/2018\/11\/Porta-di-brandeburgo-Berlin-768x469.jpg 768w, https:\/\/www.cosmorevas.tk\/wp-content\/uploads\/2018\/11\/Porta-di-brandeburgo-Berlin-705x431.jpg 705w, https:\/\/www.cosmorevas.tk\/wp-content\/uploads\/2018\/11\/Porta-di-brandeburgo-Berlin-450x275.jpg 450w\" data-sizes=\"(max-width: 1000px) 100vw, 1000px\" src=\"data:image\/svg+xml;base64,PHN2ZyB3aWR0aD0iMSIgaGVpZ2h0PSIxIiB4bWxucz0iaHR0cDovL3d3dy53My5vcmcvMjAwMC9zdmciPjwvc3ZnPg==\" style=\"--smush-placeholder-width: 1000px; --smush-placeholder-aspect-ratio: 1000\/611;\" \/><\/p>\n<p>&nbsp;<\/p>\n<p>&nbsp;<\/p>\n<h2><strong>Berl\u00edn durante la Segunda Guerra Mundial<br \/>\n<\/strong><\/h2>\n<p>Honestamente, siempre he pensado en encontrar muchas referencias al nazismo en Berl\u00edn Esto s\u00f3lo es parcialmente verdad.<br \/>\nEn cada ciudad que visito trato de encontrar lugares de mi inter\u00e9s.<br \/>\nNo esperaba encontrar muchos en Alemania y fue una sorpresa agradable e inesperada.<br \/>\n<strong>La historia la escriben los ganadores<\/strong>, entonces muchas son las referencias a la <a href=\"https:\/\/www.cosmorevas.tk\/es\/destinos\/rusia\/\" target=\"_blank\" rel=\"noopener noreferrer\">Uni\u00f3n Sovi\u00e9tica<\/a>.<\/p>\n<p>Dejando atr\u00e1s la Puerta de Brandenburgo y entrando en la avenida arbolada <strong>el Monumento de guerra Sovi\u00e9tico de Tiergartenhe<\/strong> est\u00e1 a la derecha despu\u00e9s de 400 metros. Los dos tanques T34 son realmente los primeros en entrar en Berl\u00edn en la batalla final de la Segunda Guerra Mundial, que termin\u00f3 el 9 de mayo de 1945 con la victoria sovi\u00e9tica y la rendici\u00f3n nazi.<br \/>\nDesde el altar en el cl\u00e1sico estilo sovi\u00e9tico, se encuentra la estatua en honor de los soldados del Ej\u00e9rcito Rojo.<\/p>\n<p>&nbsp;<\/p>\n<p><img decoding=\"async\" class=\"aligncenter wp-image-4859 lazyload\" title=\"soldado-Sovi\u00e9tico-Tiergarten\" data-src=\"https:\/\/www.cosmorevas.tk\/wp-content\/uploads\/2018\/11\/soldato-sovietico-Tiergarten.jpg\" alt=\"soldado-Sovi\u00e9tico-Tiergarten\" width=\"306\" height=\"550\" data-srcset=\"https:\/\/www.cosmorevas.tk\/wp-content\/uploads\/2018\/11\/soldato-sovietico-Tiergarten.jpg 556w, https:\/\/www.cosmorevas.tk\/wp-content\/uploads\/2018\/11\/soldato-sovietico-Tiergarten-167x300.jpg 167w, https:\/\/www.cosmorevas.tk\/wp-content\/uploads\/2018\/11\/soldato-sovietico-Tiergarten-392x705.jpg 392w, https:\/\/www.cosmorevas.tk\/wp-content\/uploads\/2018\/11\/soldato-sovietico-Tiergarten-450x809.jpg 450w\" data-sizes=\"(max-width: 306px) 100vw, 306px\" src=\"data:image\/svg+xml;base64,PHN2ZyB3aWR0aD0iMSIgaGVpZ2h0PSIxIiB4bWxucz0iaHR0cDovL3d3dy53My5vcmcvMjAwMC9zdmciPjwvc3ZnPg==\" style=\"--smush-placeholder-width: 306px; --smush-placeholder-aspect-ratio: 306\/550;\" \/><\/p>\n<p>&nbsp;<\/p>\n<p><img decoding=\"async\" class=\"aligncenter wp-image-4868 lazyload\" title=\" memorial-sovi\u00e9tico-tiergarten-berl\u00edn\" data-src=\"https:\/\/www.cosmorevas.tk\/wp-content\/uploads\/2018\/11\/memoriale-sovietico-tiergarten-berlin-845x684.jpg\" alt=\" memorial-sovi\u00e9tico-tiergarten-berl\u00edn\" width=\"733\" height=\"594\" data-srcset=\"https:\/\/www.cosmorevas.tk\/wp-content\/uploads\/2018\/11\/memoriale-sovietico-tiergarten-berlin-845x684.jpg 845w, https:\/\/www.cosmorevas.tk\/wp-content\/uploads\/2018\/11\/memoriale-sovietico-tiergarten-berlin-495x400.jpg 495w\" data-sizes=\"(max-width: 733px) 100vw, 733px\" src=\"data:image\/svg+xml;base64,PHN2ZyB3aWR0aD0iMSIgaGVpZ2h0PSIxIiB4bWxucz0iaHR0cDovL3d3dy53My5vcmcvMjAwMC9zdmciPjwvc3ZnPg==\" style=\"--smush-placeholder-width: 733px; --smush-placeholder-aspect-ratio: 733\/594;\" \/><\/p>\n<p>&nbsp;<\/p>\n<p>A poca distancia, como si cerrara un tri\u00e1ngulo hipot\u00e9tico, est\u00e1 el <strong>Palacio del Reichstag<\/strong>, otro lugar donde pasaron eventos fundamentales de la historia mundial.<br \/>\nSu incendio provocado de 1933 allan\u00f3 el camino para Hitler y el nazismo, que vio su conclusi\u00f3n simb\u00f3lica cuando el Ej\u00e9rcito Rojo conquist\u00f3 Berl\u00edn, agitando la <strong>bandera roja con hoz y martillo<\/strong> en este s\u00edmbolo del Tercer Reich.<br \/>\nLa foto se hizo hist\u00f3rica:<\/p>\n<p>&nbsp;<\/p>\n<p><img decoding=\"async\" class=\"aligncenter wp-image-4931 size-full lazyload\" title=\"bandera-urss-reichstag\" data-src=\"https:\/\/www.cosmorevas.tk\/wp-content\/uploads\/2018\/11\/bandiera-urss-su-reichstag.jpg\" alt=\"bandera-urss-reichstag\" width=\"750\" height=\"601\" data-srcset=\"https:\/\/www.cosmorevas.tk\/wp-content\/uploads\/2018\/11\/bandiera-urss-su-reichstag.jpg 750w, https:\/\/www.cosmorevas.tk\/wp-content\/uploads\/2018\/11\/bandiera-urss-su-reichstag-300x240.jpg 300w, https:\/\/www.cosmorevas.tk\/wp-content\/uploads\/2018\/11\/bandiera-urss-su-reichstag-705x565.jpg 705w, https:\/\/www.cosmorevas.tk\/wp-content\/uploads\/2018\/11\/bandiera-urss-su-reichstag-450x361.jpg 450w\" data-sizes=\"(max-width: 750px) 100vw, 750px\" src=\"data:image\/svg+xml;base64,PHN2ZyB3aWR0aD0iMSIgaGVpZ2h0PSIxIiB4bWxucz0iaHR0cDovL3d3dy53My5vcmcvMjAwMC9zdmciPjwvc3ZnPg==\" style=\"--smush-placeholder-width: 750px; --smush-placeholder-aspect-ratio: 750\/601;\" \/><\/p>\n<p>&nbsp;<\/p>\n<p>&nbsp;<\/p>\n<p><img decoding=\"async\" class=\"alignleft wp-image-4985 lazyload\" title=\"Treptower Parque - Berlin\" data-src=\"https:\/\/www.cosmorevas.tk\/wp-content\/uploads\/2018\/11\/Treptower-Park-Berlin-186x300.jpg\" alt=\"Treptower Parque - Berlin\" width=\"245\" height=\"395\" data-srcset=\"https:\/\/www.cosmorevas.tk\/wp-content\/uploads\/2018\/11\/Treptower-Park-Berlin-186x300.jpg 186w, https:\/\/www.cosmorevas.tk\/wp-content\/uploads\/2018\/11\/Treptower-Park-Berlin.jpg 372w\" data-sizes=\"(max-width: 245px) 100vw, 245px\" src=\"data:image\/svg+xml;base64,PHN2ZyB3aWR0aD0iMSIgaGVpZ2h0PSIxIiB4bWxucz0iaHR0cDovL3d3dy53My5vcmcvMjAwMC9zdmciPjwvc3ZnPg==\" style=\"--smush-placeholder-width: 245px; --smush-placeholder-aspect-ratio: 245\/395;\" \/><img decoding=\"async\" class=\"alignright wp-image-4994 lazyload\" title=\"Treptower Parque - Berlin\" data-src=\"https:\/\/www.cosmorevas.tk\/wp-content\/uploads\/2018\/11\/Treptower-Park-madrea-Russia-Berlin-172x300.jpg\" alt=\"Treptower Parque - Berlin\" width=\"226\" height=\"395\" data-srcset=\"https:\/\/www.cosmorevas.tk\/wp-content\/uploads\/2018\/11\/Treptower-Park-madrea-Russia-Berlin-172x300.jpg 172w, https:\/\/www.cosmorevas.tk\/wp-content\/uploads\/2018\/11\/Treptower-Park-madrea-Russia-Berlin.jpg 333w\" data-sizes=\"(max-width: 226px) 100vw, 226px\" src=\"data:image\/svg+xml;base64,PHN2ZyB3aWR0aD0iMSIgaGVpZ2h0PSIxIiB4bWxucz0iaHR0cDovL3d3dy53My5vcmcvMjAwMC9zdmciPjwvc3ZnPg==\" style=\"--smush-placeholder-width: 226px; --smush-placeholder-aspect-ratio: 226\/395;\" \/><\/p>\n<p style=\"text-align: center;\">M\u00e1s de 7,000 soldados sovi\u00e9ticos muertos en la batalla final de Berl\u00edn est\u00e1n enterrados en el <strong>Memorial del Parque Treptower<\/strong>, el m\u00e1s grande fuera de las fronteras de Rusia.<\/p>\n<p style=\"text-align: center;\">En la entrada, nos saluda la estatua de la Madre Rusia sufriente, que nos empuja en la larga avenida hacia dos soldados arrodillados del Ej\u00e9rcito Rojo que est\u00e1n de luto por sus compa\u00f1eros muertos.<\/p>\n<p style=\"text-align: center;\">Sobre la escalera est\u00e1 la gran estatua del victorioso soldado sovi\u00e9tico, con un ni\u00f1o en brazos y una espada en la otra mano, mientras que con su bota destruye la esv\u00e1stica y el nazismo.<\/p>\n<p>&nbsp;<\/p>\n<p><img decoding=\"async\" class=\"aligncenter wp-image-5003 lazyload\" title=\"Treptower Parque - soldado - Berlin\" data-src=\"https:\/\/www.cosmorevas.tk\/wp-content\/uploads\/2018\/11\/Treptower-Park-soldato-Berlin.jpg\" alt=\"Treptower Parque - soldado - Berlin\" width=\"390\" height=\"520\" data-srcset=\"https:\/\/www.cosmorevas.tk\/wp-content\/uploads\/2018\/11\/Treptower-Park-soldato-Berlin.jpg 450w, https:\/\/www.cosmorevas.tk\/wp-content\/uploads\/2018\/11\/Treptower-Park-soldato-Berlin-225x300.jpg 225w\" data-sizes=\"(max-width: 390px) 100vw, 390px\" src=\"data:image\/svg+xml;base64,PHN2ZyB3aWR0aD0iMSIgaGVpZ2h0PSIxIiB4bWxucz0iaHR0cDovL3d3dy53My5vcmcvMjAwMC9zdmciPjwvc3ZnPg==\" style=\"--smush-placeholder-width: 390px; --smush-placeholder-aspect-ratio: 390\/520;\" \/><\/p>\n<p>&nbsp;<\/p>\n<p><img decoding=\"async\" class=\"aligncenter wp-image-5012 lazyload\" title=\"Treptower- Parque-mausoleo-del-soldado-Berlin\" data-src=\"https:\/\/www.cosmorevas.tk\/wp-content\/uploads\/2018\/11\/Treptower-Park-mausoleo-soldato-Berlin.jpg\" alt=\"Treptower- Parque-mausoleo-del-soldado-Berlin\" width=\"390\" height=\"520\" data-srcset=\"https:\/\/www.cosmorevas.tk\/wp-content\/uploads\/2018\/11\/Treptower-Park-mausoleo-soldato-Berlin.jpg 400w, https:\/\/www.cosmorevas.tk\/wp-content\/uploads\/2018\/11\/Treptower-Park-mausoleo-soldato-Berlin-225x300.jpg 225w\" data-sizes=\"(max-width: 390px) 100vw, 390px\" src=\"data:image\/svg+xml;base64,PHN2ZyB3aWR0aD0iMSIgaGVpZ2h0PSIxIiB4bWxucz0iaHR0cDovL3d3dy53My5vcmcvMjAwMC9zdmciPjwvc3ZnPg==\" style=\"--smush-placeholder-width: 390px; --smush-placeholder-aspect-ratio: 390\/520;\" \/><\/p>\n<p>&nbsp;<\/p>\n<p><img decoding=\"async\" class=\"aligncenter wp-image-5021 size-full lazyload\" title=\"Treptower- Parque-mausoleo-del-soldado-Berlin\" data-src=\"https:\/\/www.cosmorevas.tk\/wp-content\/uploads\/2018\/11\/Treptower-Park-mausoleo-soldato-zoom-Berlin.jpg\" alt=\"Treptower- Parque-mausoleo-del-soldado-Berlin\" width=\"448\" height=\"600\" data-srcset=\"https:\/\/www.cosmorevas.tk\/wp-content\/uploads\/2018\/11\/Treptower-Park-mausoleo-soldato-zoom-Berlin.jpg 448w, https:\/\/www.cosmorevas.tk\/wp-content\/uploads\/2018\/11\/Treptower-Park-mausoleo-soldato-zoom-Berlin-224x300.jpg 224w\" data-sizes=\"(max-width: 448px) 100vw, 448px\" src=\"data:image\/svg+xml;base64,PHN2ZyB3aWR0aD0iMSIgaGVpZ2h0PSIxIiB4bWxucz0iaHR0cDovL3d3dy53My5vcmcvMjAwMC9zdmciPjwvc3ZnPg==\" style=\"--smush-placeholder-width: 448px; --smush-placeholder-aspect-ratio: 448\/600;\" \/><\/p>\n<p>&nbsp;<\/p>\n<p>Cerca de Potsdamerplatz se encuentra la <strong>Topograf\u00eda del Terror<\/strong>. En esta \u00e1rea se encontraba la sede de la Gestapo, el palacio de las SS y los servicios de seguridad.<br \/>\nDeber\u00eda pasar m\u00e1s de una hora para leer todos los documentos y reflexionar sobre las fotos que explican el nacimiento y el surgimiento del nazismo hasta el juicio penal de Nuremberg.<\/p>\n<p>&nbsp;<\/p>\n<p><img decoding=\"async\" class=\"aligncenter wp-image-5066 size-featured lazyload\" title=\"topograf\u00eda-del-terror-berlin\" data-src=\"https:\/\/www.cosmorevas.tk\/wp-content\/uploads\/2018\/11\/topografia-del-terrore-berlin-1000x430.jpg\" alt=\"topograf\u00eda-del-terror-berlin\" width=\"1000\" height=\"430\" src=\"data:image\/svg+xml;base64,PHN2ZyB3aWR0aD0iMSIgaGVpZ2h0PSIxIiB4bWxucz0iaHR0cDovL3d3dy53My5vcmcvMjAwMC9zdmciPjwvc3ZnPg==\" style=\"--smush-placeholder-width: 1000px; --smush-placeholder-aspect-ratio: 1000\/430;\"><\/p>\n<p>&nbsp;<\/p>\n<p>&nbsp;<\/p>\n<h2><strong>Berl\u00edn dividido por el muro: Este y Oeste<\/strong><\/h2>\n<p><img decoding=\"async\" class=\"alignleft wp-image-5030 size-medium lazyload\" title=\"torre-de-vicilancia-Berlin\" data-src=\"https:\/\/www.cosmorevas.tk\/wp-content\/uploads\/2018\/11\/torre-di-guardia-DDR-Berlin-265x300.jpg\" alt=\"torre-de-vicilancia-Berlin\" width=\"265\" height=\"300\" data-srcset=\"https:\/\/www.cosmorevas.tk\/wp-content\/uploads\/2018\/11\/torre-di-guardia-DDR-Berlin-265x300.jpg 265w, https:\/\/www.cosmorevas.tk\/wp-content\/uploads\/2018\/11\/torre-di-guardia-DDR-Berlin-450x509.jpg 450w, https:\/\/www.cosmorevas.tk\/wp-content\/uploads\/2018\/11\/torre-di-guardia-DDR-Berlin.jpg 575w\" data-sizes=\"(max-width: 265px) 100vw, 265px\" src=\"data:image\/svg+xml;base64,PHN2ZyB3aWR0aD0iMSIgaGVpZ2h0PSIxIiB4bWxucz0iaHR0cDovL3d3dy53My5vcmcvMjAwMC9zdmciPjwvc3ZnPg==\" style=\"--smush-placeholder-width: 265px; --smush-placeholder-aspect-ratio: 265\/300;\" \/><img decoding=\"async\" class=\"alignright wp-image-5039 lazyload\" title=\"visual-torre-de-vigilancia-Berlin\" data-src=\"https:\/\/www.cosmorevas.tk\/wp-content\/uploads\/2018\/11\/visuale-torre-di-guardia-DDR-Berlin-175x300.jpg\" alt=\"visual-torre-de-vigilancia-Berlin\" width=\"173\" height=\"297\" data-srcset=\"https:\/\/www.cosmorevas.tk\/wp-content\/uploads\/2018\/11\/visuale-torre-di-guardia-DDR-Berlin-175x300.jpg 175w, https:\/\/www.cosmorevas.tk\/wp-content\/uploads\/2018\/11\/visuale-torre-di-guardia-DDR-Berlin.jpg 379w\" data-sizes=\"(max-width: 173px) 100vw, 173px\" src=\"data:image\/svg+xml;base64,PHN2ZyB3aWR0aD0iMSIgaGVpZ2h0PSIxIiB4bWxucz0iaHR0cDovL3d3dy53My5vcmcvMjAwMC9zdmciPjwvc3ZnPg==\" style=\"--smush-placeholder-width: 173px; --smush-placeholder-aspect-ratio: 173\/297;\" \/><\/p>\n<p>&nbsp;<\/p>\n<p>Adyacente a Potsdamerplatz est\u00e1 la \u00fanica <strong>torre de vigilancia de Alemania del Este<\/strong> permanecida.<br \/>\nCasi invisible y sin indicaciones, es un lugar para visitar.<br \/>\nPuedes subir la escalera y ver la vista de los militares desde este estrecho lugar.<\/p>\n<p>&nbsp;<\/p>\n<p>&nbsp;<\/p>\n<p>&nbsp;<\/p>\n<p><img decoding=\"async\" class=\"aligncenter wp-image-5048 size-full lazyload\" title=\"escala-torre-de-vigilancia-Berlin\" data-src=\"https:\/\/www.cosmorevas.tk\/wp-content\/uploads\/2018\/11\/scala-torre-di-guardia-DDR-Berlin.jpg\" alt=\"escala-torre-de-vigilancia-Berlin\" width=\"800\" height=\"436\" data-srcset=\"https:\/\/www.cosmorevas.tk\/wp-content\/uploads\/2018\/11\/scala-torre-di-guardia-DDR-Berlin.jpg 800w, https:\/\/www.cosmorevas.tk\/wp-content\/uploads\/2018\/11\/scala-torre-di-guardia-DDR-Berlin-300x164.jpg 300w, https:\/\/www.cosmorevas.tk\/wp-content\/uploads\/2018\/11\/scala-torre-di-guardia-DDR-Berlin-768x419.jpg 768w, https:\/\/www.cosmorevas.tk\/wp-content\/uploads\/2018\/11\/scala-torre-di-guardia-DDR-Berlin-705x384.jpg 705w, https:\/\/www.cosmorevas.tk\/wp-content\/uploads\/2018\/11\/scala-torre-di-guardia-DDR-Berlin-450x245.jpg 450w\" data-sizes=\"(max-width: 800px) 100vw, 800px\" src=\"data:image\/svg+xml;base64,PHN2ZyB3aWR0aD0iMSIgaGVpZ2h0PSIxIiB4bWxucz0iaHR0cDovL3d3dy53My5vcmcvMjAwMC9zdmciPjwvc3ZnPg==\" style=\"--smush-placeholder-width: 800px; --smush-placeholder-aspect-ratio: 800\/436;\" \/><\/p>\n<p>&nbsp;<\/p>\n<p>Tal vez usted ha o\u00eddo hablar sobre el <strong>Checkpoint Charlie<\/strong>. Desde aqu\u00ed pasaron soldados sovi\u00e9ticos, soldados estadounidenses, diplom\u00e1ticos y periodistas. En 1961, el riesgo del estallido de la Tercera Guerra Mundial era muy alto cuando los tanques sovi\u00e9ticos y estadounidenses se desplegaron enfrente.<br \/>\nAhora puede ver una copia de la puerta de entrada estadounidense y los signos de esa \u00e9poca, escritos en ingl\u00e9s, ruso, franc\u00e9s y alem\u00e1n. Al frente, para subrayar el simbolismo tur\u00edstico y comercial actual, McDonald\u2019s no pod\u00eda faltar.<\/p>\n<p>&nbsp;<\/p>\n<p><img decoding=\"async\" class=\"aligncenter wp-image-5057 size-full lazyload\" title=\"Checkpoint Charlie-berlin\" data-src=\"https:\/\/www.cosmorevas.tk\/wp-content\/uploads\/2018\/11\/Checkpoint-Charlie-berlin.jpg\" alt=\"Checkpoint Charlie-berlin\" width=\"1000\" height=\"750\" data-srcset=\"https:\/\/www.cosmorevas.tk\/wp-content\/uploads\/2018\/11\/Checkpoint-Charlie-berlin.jpg 1000w, https:\/\/www.cosmorevas.tk\/wp-content\/uploads\/2018\/11\/Checkpoint-Charlie-berlin-300x225.jpg 300w, https:\/\/www.cosmorevas.tk\/wp-content\/uploads\/2018\/11\/Checkpoint-Charlie-berlin-768x576.jpg 768w, https:\/\/www.cosmorevas.tk\/wp-content\/uploads\/2018\/11\/Checkpoint-Charlie-berlin-705x529.jpg 705w, https:\/\/www.cosmorevas.tk\/wp-content\/uploads\/2018\/11\/Checkpoint-Charlie-berlin-450x338.jpg 450w\" data-sizes=\"(max-width: 1000px) 100vw, 1000px\" src=\"data:image\/svg+xml;base64,PHN2ZyB3aWR0aD0iMSIgaGVpZ2h0PSIxIiB4bWxucz0iaHR0cDovL3d3dy53My5vcmcvMjAwMC9zdmciPjwvc3ZnPg==\" style=\"--smush-placeholder-width: 1000px; --smush-placeholder-aspect-ratio: 1000\/750;\" \/><\/p>\n<p>&nbsp;<\/p>\n<p>&nbsp;<\/p>\n<h2><strong>Berl\u00edn desde el cielo y desde el subsuelo<br \/>\n<\/strong><\/h2>\n<p>Una experiencia imperdible para aquellos que no tienen problemas de v\u00e9rtigo, es <strong>ver Berl\u00edn desde lo alto \u2026 de un globo aerost\u00e1tico<\/strong>! Despu\u00e9s de un r\u00e1pido viaje al cercano Checkpoint Charlie, ciertamente no perd\u00ed la oportunidad y me sent\u00ed satisfecho con mi elecci\u00f3n.<br \/>\nEl globo de aire caliente est\u00e1 sujeto por un cable de acero y se eleva a unos 150 metros. Al estar obviamente todo abierto, es posible tomar mejores fotos que desde la Torre de TV.<\/p>\n<p>&nbsp;<\/p>\n<p><img decoding=\"async\" class=\"aligncenter wp-image-5075 size-full lazyload\" title=\"Berl\u00edn vista desde un globo aerost\u00e1tico\" data-src=\"https:\/\/www.cosmorevas.tk\/wp-content\/uploads\/2018\/11\/mongolfiera1-berlin.jpg\" alt=\"Berl\u00edn vista desde un globo aerost\u00e1tico\" width=\"1000\" height=\"563\" data-srcset=\"https:\/\/www.cosmorevas.tk\/wp-content\/uploads\/2018\/11\/mongolfiera1-berlin.jpg 1000w, https:\/\/www.cosmorevas.tk\/wp-content\/uploads\/2018\/11\/mongolfiera1-berlin-300x169.jpg 300w, https:\/\/www.cosmorevas.tk\/wp-content\/uploads\/2018\/11\/mongolfiera1-berlin-768x432.jpg 768w, https:\/\/www.cosmorevas.tk\/wp-content\/uploads\/2018\/11\/mongolfiera1-berlin-705x397.jpg 705w, https:\/\/www.cosmorevas.tk\/wp-content\/uploads\/2018\/11\/mongolfiera1-berlin-450x253.jpg 450w\" data-sizes=\"(max-width: 1000px) 100vw, 1000px\" src=\"data:image\/svg+xml;base64,PHN2ZyB3aWR0aD0iMSIgaGVpZ2h0PSIxIiB4bWxucz0iaHR0cDovL3d3dy53My5vcmcvMjAwMC9zdmciPjwvc3ZnPg==\" style=\"--smush-placeholder-width: 1000px; --smush-placeholder-aspect-ratio: 1000\/563;\" \/><\/p>\n<p>&nbsp;<\/p>\n<p><img decoding=\"async\" class=\"aligncenter wp-image-5084 size-full lazyload\" title=\"Berl\u00edn vista desde un globo aerost\u00e1tico\" data-src=\"https:\/\/www.cosmorevas.tk\/wp-content\/uploads\/2018\/11\/mongolfiera2-berlin.jpg.jpg\" alt=\"Berl\u00edn vista desde un globo aerost\u00e1tico\" width=\"1000\" height=\"454\" data-srcset=\"https:\/\/www.cosmorevas.tk\/wp-content\/uploads\/2018\/11\/mongolfiera2-berlin.jpg.jpg 1000w, https:\/\/www.cosmorevas.tk\/wp-content\/uploads\/2018\/11\/mongolfiera2-berlin.jpg-300x136.jpg 300w, https:\/\/www.cosmorevas.tk\/wp-content\/uploads\/2018\/11\/mongolfiera2-berlin.jpg-768x349.jpg 768w, https:\/\/www.cosmorevas.tk\/wp-content\/uploads\/2018\/11\/mongolfiera2-berlin.jpg-705x320.jpg 705w, https:\/\/www.cosmorevas.tk\/wp-content\/uploads\/2018\/11\/mongolfiera2-berlin.jpg-450x204.jpg 450w\" data-sizes=\"(max-width: 1000px) 100vw, 1000px\" src=\"data:image\/svg+xml;base64,PHN2ZyB3aWR0aD0iMSIgaGVpZ2h0PSIxIiB4bWxucz0iaHR0cDovL3d3dy53My5vcmcvMjAwMC9zdmciPjwvc3ZnPg==\" style=\"--smush-placeholder-width: 1000px; --smush-placeholder-aspect-ratio: 1000\/454;\" \/><\/p>\n<p>&nbsp;<\/p>\n<p><img decoding=\"async\" class=\"aligncenter wp-image-5093 size-full lazyload\" title=\"Berl\u00edn vista desde un globo aerost\u00e1tico\" data-src=\"https:\/\/www.cosmorevas.tk\/wp-content\/uploads\/2018\/11\/mongolfiera-berlin.jpg\" alt=\"Berl\u00edn vista desde un globo aerost\u00e1tico\" width=\"1000\" height=\"538\" data-srcset=\"https:\/\/www.cosmorevas.tk\/wp-content\/uploads\/2018\/11\/mongolfiera-berlin.jpg 1000w, https:\/\/www.cosmorevas.tk\/wp-content\/uploads\/2018\/11\/mongolfiera-berlin-300x161.jpg 300w, https:\/\/www.cosmorevas.tk\/wp-content\/uploads\/2018\/11\/mongolfiera-berlin-768x413.jpg 768w, https:\/\/www.cosmorevas.tk\/wp-content\/uploads\/2018\/11\/mongolfiera-berlin-705x379.jpg 705w, https:\/\/www.cosmorevas.tk\/wp-content\/uploads\/2018\/11\/mongolfiera-berlin-450x242.jpg 450w\" data-sizes=\"(max-width: 1000px) 100vw, 1000px\" src=\"data:image\/svg+xml;base64,PHN2ZyB3aWR0aD0iMSIgaGVpZ2h0PSIxIiB4bWxucz0iaHR0cDovL3d3dy53My5vcmcvMjAwMC9zdmciPjwvc3ZnPg==\" style=\"--smush-placeholder-width: 1000px; --smush-placeholder-aspect-ratio: 1000\/538;\" \/><\/p>\n<p>&nbsp;<\/p>\n<p>&nbsp;<\/p>\n<p>Es igualmente fascinante participar en <strong>una excursi\u00f3n subterr\u00e1nea<\/strong>. Puede visitar los refugios utilizados por los civiles durante la Segunda Guerra Mundial, los b\u00fankeres construidos por Alemania Occidental, los t\u00faneles y las estaciones fantasmas utilizados durante la Guerra Fr\u00eda.<br \/>\nLas gu\u00edas est\u00e1n muy preparadas y vas a vivir toda la historia que se explicar\u00e1.<br \/>\nEl \u00fanico defecto, que siempre encuentro absurdo, es la prohibici\u00f3n de tomar fotograf\u00edas.<\/p>\n<p>&nbsp;<\/p>\n<p>Al final, Berl\u00edn fue una sorpresa.<br \/>\nUna gran ciudad en la que la historia ha pasado muchas veces.<br \/>\nHistorias hechas de muertos, sufrimientos y liberaciones.<br \/>\nHistorias que a algunas personas les gustar\u00eda borrar y olvidar.<br \/>\nPero sin el pasado es imposible pensar en el presente y el futuro.<\/p>\n","protected":false},"excerpt":{"rendered":"<p>Tambi\u00e9n hablar\u00e9 de un Berl\u00edn no convencional, con atracciones fuera de los destinos tradicionales, donde la historia ha pasado muchas veces.<\/p>\n","protected":false},"author":1,"featured_media":4832,"comment_status":"open","ping_status":"open","sticky":false,"template":"","format":"standard","meta":{"footnotes":""},"categories":[167],"tags":[705,763,774,733],"class_list":["post-10880","post","type-post","status-publish","format-standard","has-post-thumbnail","hentry","category-ciudad","tag-alemania","tag-europa-es","tag-historia","tag-rusia"],"yoast_head":"<!-- This site is optimized with the Yoast SEO plugin v27.5 - https:\/\/yoast.com\/product\/yoast-seo-wordpress\/ -->\n<title>Viaje no convencional a Berlin<\/title>\n<meta name=\"description\" content=\"Viaje donde la historia ha pasado muchas veces: la Segunda Guerra Mundial, el Muro de Berl\u00edn y los dramas de jovens como Cristina F.\" \/>\n<meta name=\"robots\" content=\"index, follow, max-snippet:-1, max-image-preview:large, max-video-preview:-1\" \/>\n<link rel=\"canonical\" href=\"https:\/\/www.cosmorevas.tk\/es\/ciudad\/berlin\/\" \/>\n<meta property=\"og:locale\" content=\"es_ES\" \/>\n<meta property=\"og:type\" content=\"article\" \/>\n<meta property=\"og:title\" content=\"Viaje no convencional a Berlin\" \/>\n<meta property=\"og:description\" content=\"Viaje donde la historia ha pasado muchas veces: la Segunda Guerra Mundial, el Muro de Berl\u00edn y los dramas de jovens como Cristina F.\" \/>\n<meta property=\"og:url\" content=\"https:\/\/www.cosmorevas.tk\/es\/ciudad\/berlin\/\" \/>\n<meta property=\"og:site_name\" content=\"CosmoRevas: mi visi\u00f3n del mundo\" \/>\n<meta property=\"article:published_time\" content=\"2020-01-21T12:15:45+00:00\" \/>\n<meta property=\"article:modified_time\" content=\"2021-01-09T14:37:43+00:00\" \/>\n<meta property=\"og:image\" content=\"https:\/\/www.cosmorevas.tk\/wp-content\/uploads\/2018\/11\/berlin-scritta.jpg\" \/>\n\t<meta property=\"og:image:width\" content=\"300\" \/>\n\t<meta property=\"og:image:height\" content=\"300\" \/>\n\t<meta property=\"og:image:type\" content=\"image\/jpeg\" \/>\n<meta name=\"author\" content=\"cosmorevas\" \/>\n<meta name=\"twitter:card\" content=\"summary_large_image\" \/>\n<meta name=\"twitter:label1\" content=\"Escrito por\" \/>\n\t<meta name=\"twitter:data1\" content=\"cosmorevas\" \/>\n\t<meta name=\"twitter:label2\" content=\"Tiempo de lectura\" \/>\n\t<meta name=\"twitter:data2\" content=\"8 minutos\" \/>\n<script type=\"application\/ld+json\" class=\"yoast-schema-graph\">{\"@context\":\"https:\\\/\\\/schema.org\",\"@graph\":[{\"@type\":\"Article\",\"@id\":\"https:\\\/\\\/www.cosmorevas.tk\\\/es\\\/ciudad\\\/berlin\\\/#article\",\"isPartOf\":{\"@id\":\"https:\\\/\\\/www.cosmorevas.tk\\\/es\\\/ciudad\\\/berlin\\\/\"},\"author\":{\"name\":\"cosmorevas\",\"@id\":\"https:\\\/\\\/www.cosmorevas.tk\\\/es\\\/#\\\/schema\\\/person\\\/4ff3ba11ae8c9cfc82000c8d421a5e0d\"},\"headline\":\"Berlin: Bunker, Muro e dramas\",\"datePublished\":\"2020-01-21T12:15:45+00:00\",\"dateModified\":\"2021-01-09T14:37:43+00:00\",\"mainEntityOfPage\":{\"@id\":\"https:\\\/\\\/www.cosmorevas.tk\\\/es\\\/ciudad\\\/berlin\\\/\"},\"wordCount\":1695,\"commentCount\":0,\"publisher\":{\"@id\":\"https:\\\/\\\/www.cosmorevas.tk\\\/es\\\/#\\\/schema\\\/person\\\/4ff3ba11ae8c9cfc82000c8d421a5e0d\"},\"image\":{\"@id\":\"https:\\\/\\\/www.cosmorevas.tk\\\/es\\\/ciudad\\\/berlin\\\/#primaryimage\"},\"thumbnailUrl\":\"https:\\\/\\\/www.cosmorevas.tk\\\/wp-content\\\/uploads\\\/2018\\\/11\\\/berlin-scritta.jpg\",\"keywords\":[\"Alemania\",\"Europa\",\"Historia\",\"Rusia\"],\"articleSection\":[\"Ciudad\"],\"inLanguage\":\"es\",\"potentialAction\":[{\"@type\":\"CommentAction\",\"name\":\"Comment\",\"target\":[\"https:\\\/\\\/www.cosmorevas.tk\\\/es\\\/ciudad\\\/berlin\\\/#respond\"]}]},{\"@type\":\"WebPage\",\"@id\":\"https:\\\/\\\/www.cosmorevas.tk\\\/es\\\/ciudad\\\/berlin\\\/\",\"url\":\"https:\\\/\\\/www.cosmorevas.tk\\\/es\\\/ciudad\\\/berlin\\\/\",\"name\":\"Viaje no convencional a Berlin\",\"isPartOf\":{\"@id\":\"https:\\\/\\\/www.cosmorevas.tk\\\/es\\\/#website\"},\"primaryImageOfPage\":{\"@id\":\"https:\\\/\\\/www.cosmorevas.tk\\\/es\\\/ciudad\\\/berlin\\\/#primaryimage\"},\"image\":{\"@id\":\"https:\\\/\\\/www.cosmorevas.tk\\\/es\\\/ciudad\\\/berlin\\\/#primaryimage\"},\"thumbnailUrl\":\"https:\\\/\\\/www.cosmorevas.tk\\\/wp-content\\\/uploads\\\/2018\\\/11\\\/berlin-scritta.jpg\",\"datePublished\":\"2020-01-21T12:15:45+00:00\",\"dateModified\":\"2021-01-09T14:37:43+00:00\",\"description\":\"Viaje donde la historia ha pasado muchas veces: la Segunda Guerra Mundial, el Muro de Berl\u00edn y los dramas de jovens como Cristina F.\",\"breadcrumb\":{\"@id\":\"https:\\\/\\\/www.cosmorevas.tk\\\/es\\\/ciudad\\\/berlin\\\/#breadcrumb\"},\"inLanguage\":\"es\",\"potentialAction\":[{\"@type\":\"ReadAction\",\"target\":[\"https:\\\/\\\/www.cosmorevas.tk\\\/es\\\/ciudad\\\/berlin\\\/\"]}]},{\"@type\":\"ImageObject\",\"inLanguage\":\"es\",\"@id\":\"https:\\\/\\\/www.cosmorevas.tk\\\/es\\\/ciudad\\\/berlin\\\/#primaryimage\",\"url\":\"https:\\\/\\\/www.cosmorevas.tk\\\/wp-content\\\/uploads\\\/2018\\\/11\\\/berlin-scritta.jpg\",\"contentUrl\":\"https:\\\/\\\/www.cosmorevas.tk\\\/wp-content\\\/uploads\\\/2018\\\/11\\\/berlin-scritta.jpg\",\"width\":300,\"height\":300,\"caption\":\"Alemania - Berl\u00edn\"},{\"@type\":\"BreadcrumbList\",\"@id\":\"https:\\\/\\\/www.cosmorevas.tk\\\/es\\\/ciudad\\\/berlin\\\/#breadcrumb\",\"itemListElement\":[{\"@type\":\"ListItem\",\"position\":1,\"name\":\"Comienzo\",\"item\":\"https:\\\/\\\/www.cosmorevas.tk\\\/es\\\/destinos\\\/\"},{\"@type\":\"ListItem\",\"position\":2,\"name\":\"Ciudad\",\"item\":\"https:\\\/\\\/www.cosmorevas.tk\\\/es\\\/categor\u00eda\\\/ciudad\\\/\"},{\"@type\":\"ListItem\",\"position\":3,\"name\":\"Berlin: Bunker, Muro e dramas\"}]},{\"@type\":\"WebSite\",\"@id\":\"https:\\\/\\\/www.cosmorevas.tk\\\/es\\\/#website\",\"url\":\"https:\\\/\\\/www.cosmorevas.tk\\\/es\\\/\",\"name\":\"la mia visuale sul mondo\",\"description\":\"\\\"La Tierra desde aqu\u00ed es hermosa, sin fronteras\\\" - \u042e\u0440\u0438\u0439 \u0413\u0430\u0433\u0430\u0440\u0438\u043d\",\"publisher\":{\"@id\":\"https:\\\/\\\/www.cosmorevas.tk\\\/es\\\/#\\\/schema\\\/person\\\/4ff3ba11ae8c9cfc82000c8d421a5e0d\"},\"potentialAction\":[{\"@type\":\"SearchAction\",\"target\":{\"@type\":\"EntryPoint\",\"urlTemplate\":\"https:\\\/\\\/www.cosmorevas.tk\\\/es\\\/?s={search_term_string}\"},\"query-input\":{\"@type\":\"PropertyValueSpecification\",\"valueRequired\":true,\"valueName\":\"search_term_string\"}}],\"inLanguage\":\"es\"},{\"@type\":[\"Person\",\"Organization\"],\"@id\":\"https:\\\/\\\/www.cosmorevas.tk\\\/es\\\/#\\\/schema\\\/person\\\/4ff3ba11ae8c9cfc82000c8d421a5e0d\",\"name\":\"cosmorevas\",\"image\":{\"@type\":\"ImageObject\",\"inLanguage\":\"es\",\"@id\":\"https:\\\/\\\/www.cosmorevas.tk\\\/wp-content\\\/uploads\\\/2022\\\/08\\\/cosmorevas-map-2022.jpg\",\"url\":\"https:\\\/\\\/www.cosmorevas.tk\\\/wp-content\\\/uploads\\\/2022\\\/08\\\/cosmorevas-map-2022.jpg\",\"contentUrl\":\"https:\\\/\\\/www.cosmorevas.tk\\\/wp-content\\\/uploads\\\/2022\\\/08\\\/cosmorevas-map-2022.jpg\",\"width\":997,\"height\":698,\"caption\":\"cosmorevas\"},\"logo\":{\"@id\":\"https:\\\/\\\/www.cosmorevas.tk\\\/wp-content\\\/uploads\\\/2022\\\/08\\\/cosmorevas-map-2022.jpg\"},\"description\":\"Sono Matteo, Cagliaritano del 1986. Per un isolano aerei e navi sono mezzi comuni come una macchina o un treno. Da quando sono piccolo ho viaggiato con la mia famiglia e poi su e gi\u00f9 per l\u2019italia per sport, amici, lavoro, vita. Nel 2009 ho fatto il mio primo viaggio in compagnia di me stesso. Viaggiare da solo \u00e8 sempre stata una scelta per me, mai un ripiego con rimpianti.\"}]}<\/script>\n<!-- \/ Yoast SEO plugin. -->","yoast_head_json":{"title":"Viaje no convencional a Berlin","description":"Viaje donde la historia ha pasado muchas veces: la Segunda Guerra Mundial, el Muro de Berl\u00edn y los dramas de jovens como Cristina F.","robots":{"index":"index","follow":"follow","max-snippet":"max-snippet:-1","max-image-preview":"max-image-preview:large","max-video-preview":"max-video-preview:-1"},"canonical":"https:\/\/www.cosmorevas.tk\/es\/ciudad\/berlin\/","og_locale":"es_ES","og_type":"article","og_title":"Viaje no convencional a Berlin","og_description":"Viaje donde la historia ha pasado muchas veces: la Segunda Guerra Mundial, el Muro de Berl\u00edn y los dramas de jovens como Cristina F.","og_url":"https:\/\/www.cosmorevas.tk\/es\/ciudad\/berlin\/","og_site_name":"CosmoRevas: mi visi\u00f3n del mundo","article_published_time":"2020-01-21T12:15:45+00:00","article_modified_time":"2021-01-09T14:37:43+00:00","og_image":[{"width":300,"height":300,"url":"https:\/\/www.cosmorevas.tk\/wp-content\/uploads\/2018\/11\/berlin-scritta.jpg","type":"image\/jpeg"}],"author":"cosmorevas","twitter_card":"summary_large_image","twitter_misc":{"Escrito por":"cosmorevas","Tiempo de lectura":"8 minutos"},"schema":{"@context":"https:\/\/schema.org","@graph":[{"@type":"Article","@id":"https:\/\/www.cosmorevas.tk\/es\/ciudad\/berlin\/#article","isPartOf":{"@id":"https:\/\/www.cosmorevas.tk\/es\/ciudad\/berlin\/"},"author":{"name":"cosmorevas","@id":"https:\/\/www.cosmorevas.tk\/es\/#\/schema\/person\/4ff3ba11ae8c9cfc82000c8d421a5e0d"},"headline":"Berlin: Bunker, Muro e dramas","datePublished":"2020-01-21T12:15:45+00:00","dateModified":"2021-01-09T14:37:43+00:00","mainEntityOfPage":{"@id":"https:\/\/www.cosmorevas.tk\/es\/ciudad\/berlin\/"},"wordCount":1695,"commentCount":0,"publisher":{"@id":"https:\/\/www.cosmorevas.tk\/es\/#\/schema\/person\/4ff3ba11ae8c9cfc82000c8d421a5e0d"},"image":{"@id":"https:\/\/www.cosmorevas.tk\/es\/ciudad\/berlin\/#primaryimage"},"thumbnailUrl":"https:\/\/www.cosmorevas.tk\/wp-content\/uploads\/2018\/11\/berlin-scritta.jpg","keywords":["Alemania","Europa","Historia","Rusia"],"articleSection":["Ciudad"],"inLanguage":"es","potentialAction":[{"@type":"CommentAction","name":"Comment","target":["https:\/\/www.cosmorevas.tk\/es\/ciudad\/berlin\/#respond"]}]},{"@type":"WebPage","@id":"https:\/\/www.cosmorevas.tk\/es\/ciudad\/berlin\/","url":"https:\/\/www.cosmorevas.tk\/es\/ciudad\/berlin\/","name":"Viaje no convencional a Berlin","isPartOf":{"@id":"https:\/\/www.cosmorevas.tk\/es\/#website"},"primaryImageOfPage":{"@id":"https:\/\/www.cosmorevas.tk\/es\/ciudad\/berlin\/#primaryimage"},"image":{"@id":"https:\/\/www.cosmorevas.tk\/es\/ciudad\/berlin\/#primaryimage"},"thumbnailUrl":"https:\/\/www.cosmorevas.tk\/wp-content\/uploads\/2018\/11\/berlin-scritta.jpg","datePublished":"2020-01-21T12:15:45+00:00","dateModified":"2021-01-09T14:37:43+00:00","description":"Viaje donde la historia ha pasado muchas veces: la Segunda Guerra Mundial, el Muro de Berl\u00edn y los dramas de jovens como Cristina F.","breadcrumb":{"@id":"https:\/\/www.cosmorevas.tk\/es\/ciudad\/berlin\/#breadcrumb"},"inLanguage":"es","potentialAction":[{"@type":"ReadAction","target":["https:\/\/www.cosmorevas.tk\/es\/ciudad\/berlin\/"]}]},{"@type":"ImageObject","inLanguage":"es","@id":"https:\/\/www.cosmorevas.tk\/es\/ciudad\/berlin\/#primaryimage","url":"https:\/\/www.cosmorevas.tk\/wp-content\/uploads\/2018\/11\/berlin-scritta.jpg","contentUrl":"https:\/\/www.cosmorevas.tk\/wp-content\/uploads\/2018\/11\/berlin-scritta.jpg","width":300,"height":300,"caption":"Alemania - Berl\u00edn"},{"@type":"BreadcrumbList","@id":"https:\/\/www.cosmorevas.tk\/es\/ciudad\/berlin\/#breadcrumb","itemListElement":[{"@type":"ListItem","position":1,"name":"Comienzo","item":"https:\/\/www.cosmorevas.tk\/es\/destinos\/"},{"@type":"ListItem","position":2,"name":"Ciudad","item":"https:\/\/www.cosmorevas.tk\/es\/categor\u00eda\/ciudad\/"},{"@type":"ListItem","position":3,"name":"Berlin: Bunker, Muro e dramas"}]},{"@type":"WebSite","@id":"https:\/\/www.cosmorevas.tk\/es\/#website","url":"https:\/\/www.cosmorevas.tk\/es\/","name":"la mia visuale sul mondo","description":"\"La Tierra desde aqu\u00ed es hermosa, sin fronteras\" - \u042e\u0440\u0438\u0439 \u0413\u0430\u0433\u0430\u0440\u0438\u043d","publisher":{"@id":"https:\/\/www.cosmorevas.tk\/es\/#\/schema\/person\/4ff3ba11ae8c9cfc82000c8d421a5e0d"},"potentialAction":[{"@type":"SearchAction","target":{"@type":"EntryPoint","urlTemplate":"https:\/\/www.cosmorevas.tk\/es\/?s={search_term_string}"},"query-input":{"@type":"PropertyValueSpecification","valueRequired":true,"valueName":"search_term_string"}}],"inLanguage":"es"},{"@type":["Person","Organization"],"@id":"https:\/\/www.cosmorevas.tk\/es\/#\/schema\/person\/4ff3ba11ae8c9cfc82000c8d421a5e0d","name":"cosmorevas","image":{"@type":"ImageObject","inLanguage":"es","@id":"https:\/\/www.cosmorevas.tk\/wp-content\/uploads\/2022\/08\/cosmorevas-map-2022.jpg","url":"https:\/\/www.cosmorevas.tk\/wp-content\/uploads\/2022\/08\/cosmorevas-map-2022.jpg","contentUrl":"https:\/\/www.cosmorevas.tk\/wp-content\/uploads\/2022\/08\/cosmorevas-map-2022.jpg","width":997,"height":698,"caption":"cosmorevas"},"logo":{"@id":"https:\/\/www.cosmorevas.tk\/wp-content\/uploads\/2022\/08\/cosmorevas-map-2022.jpg"},"description":"Sono Matteo, Cagliaritano del 1986. Per un isolano aerei e navi sono mezzi comuni come una macchina o un treno. Da quando sono piccolo ho viaggiato con la mia famiglia e poi su e gi\u00f9 per l\u2019italia per sport, amici, lavoro, vita. Nel 2009 ho fatto il mio primo viaggio in compagnia di me stesso. Viaggiare da solo \u00e8 sempre stata una scelta per me, mai un ripiego con rimpianti."}]}},"_links":{"self":[{"href":"https:\/\/www.cosmorevas.tk\/es\/wp-json\/wp\/v2\/posts\/10880","targetHints":{"allow":["GET"]}}],"collection":[{"href":"https:\/\/www.cosmorevas.tk\/es\/wp-json\/wp\/v2\/posts"}],"about":[{"href":"https:\/\/www.cosmorevas.tk\/es\/wp-json\/wp\/v2\/types\/post"}],"author":[{"embeddable":true,"href":"https:\/\/www.cosmorevas.tk\/es\/wp-json\/wp\/v2\/users\/1"}],"replies":[{"embeddable":true,"href":"https:\/\/www.cosmorevas.tk\/es\/wp-json\/wp\/v2\/comments?post=10880"}],"version-history":[{"count":0,"href":"https:\/\/www.cosmorevas.tk\/es\/wp-json\/wp\/v2\/posts\/10880\/revisions"}],"wp:featuredmedia":[{"embeddable":true,"href":"https:\/\/www.cosmorevas.tk\/es\/wp-json\/wp\/v2\/media\/4832"}],"wp:attachment":[{"href":"https:\/\/www.cosmorevas.tk\/es\/wp-json\/wp\/v2\/media?parent=10880"}],"wp:term":[{"taxonomy":"category","embeddable":true,"href":"https:\/\/www.cosmorevas.tk\/es\/wp-json\/wp\/v2\/categories?post=10880"},{"taxonomy":"post_tag","embeddable":true,"href":"https:\/\/www.cosmorevas.tk\/es\/wp-json\/wp\/v2\/tags?post=10880"}],"curies":[{"name":"wp","href":"https:\/\/api.w.org\/{rel}","templated":true}]}}